{"id":10464,"date":"2020-11-20T13:32:49","date_gmt":"2020-11-20T13:32:49","guid":{"rendered":"http:\/\/csparoes.pt\/?p=10464"},"modified":"2021-02-11T13:34:58","modified_gmt":"2021-02-11T13:34:58","slug":"gabinete-de-apoio-a-vitimas-de-violencia-domestica-e-de-genero","status":"publish","type":"post","link":"https:\/\/csparoes.pt\/index.php\/2020\/11\/20\/gabinete-de-apoio-a-vitimas-de-violencia-domestica-e-de-genero\/","title":{"rendered":"GABINETE DE APOIO A V\u00cdTIMAS DE VIOL\u00caNCIA DOM\u00c9STICA E DE G\u00c9NERO"},"content":{"rendered":"[vc_row][vc_column][vc_column_text]A partir de dia 25 em Vale de Cambra<\/p>\n<p>O espa\u00e7o abre portas no pr\u00f3ximo dia 25 de novembro, fazendo assim refer\u00eancia \u00e0 data em que se assinala o Dia Internacional pela Elimina\u00e7\u00e3o da Viol\u00eancia contra as Mulheres.<\/p>\n<p>O atendimento \u00e0s v\u00edtimas \u00e9 realizado \u00e0 5.\u00aa feira de manh\u00e3 (podendo prolongar-se para a tarde, em caso de necessidade), sendo agendado ap\u00f3s o contacto telef\u00f3nico por parte da v\u00edtima, atrav\u00e9s dos seguintes n\u00fameros:<br \/>\n256 365 665; 919 680 097; 964 184 860 em qualquer dia e em qualquer hora.<\/p>\n<p>Esta estrutura refor\u00e7a o apoio prestado nas mais diversas \u00e1reas sociais pela C\u00e2mara Municipal de Vale de Cambra, surgindo na sequ\u00eancia da assinatura, no passado m\u00eas de julho, do Protocolo para a Territorializa\u00e7\u00e3o da Rede Nacional de Apoio \u00e0s V\u00edtimas de Viol\u00eancia Dom\u00e9stica entre o Governo, os munic\u00edpios que integram a Associa\u00e7\u00e3o de Munic\u00edpios das Terras de Santa Maria e a Casa dos Choupos \u201cEspa\u00e7o Trevo\u201d. Por isso mesmo, e caso a v\u00edtima assim o entenda, o atendimento tamb\u00e9m poder\u00e1 ser realizado em outro dos cinco concelhos que subscrevam o acordo para a implementa\u00e7\u00e3o do projeto.[\/vc_column_text][\/vc_column][\/vc_row][vc_row][vc_column][vc_single_image image=&#8221;10465&#8243; img_size=&#8221;large&#8221;][\/vc_column][\/vc_row]\n","protected":false},"excerpt":{"rendered":"<p>[vc_row][vc_column][vc_column_text]A partir de dia 25 em Vale de Cambra O espa\u00e7o abre portas no pr\u00f3ximo dia 25 de novembro, fazendo assim refer\u00eancia \u00e0 data em que se assinala o Dia Internacional pela Elimina\u00e7\u00e3o da Viol\u00eancia contra as Mulheres. O atendimento \u00e0s v\u00edtimas \u00e9 realizado \u00e0 5.\u00aa feira de manh\u00e3 (podendo prolongar-se para a tarde, em caso de necessidade), sendo agendado ap\u00f3s o contacto telef\u00f3nico por parte da v\u00edtima, atrav\u00e9s dos seguintes n\u00fameros: 256 365 665; 919 680 097; 964 184 860 em qualquer dia e em qualquer hora. Esta estrutura refor\u00e7a o apoio prestado nas mais diversas \u00e1reas sociais pela C\u00e2mara Municipal de Vale de Cambra, surgindo na sequ\u00eancia da assinatura, no passado m\u00eas de julho, do Protocolo para a Territorializa\u00e7\u00e3o da Rede Nacional de Apoio \u00e0s V\u00edtimas de Viol\u00eancia Dom\u00e9stica entre o Governo, os munic\u00edpios que integram a Associa\u00e7\u00e3o de Munic\u00edpios das Terras de Santa Maria e a Casa dos Choupos \u201cEspa\u00e7o Trevo\u201d. Por isso mesmo, e caso a v\u00edtima assim o entenda, o atendimento tamb\u00e9m poder\u00e1 ser realizado em outro dos cinco concelhos que subscrevam o acordo para a implementa\u00e7\u00e3o do projeto.[\/vc_column_text][\/vc_column][\/vc_row][vc_row][vc_column][vc_single_image image=&#8221;10465&#8243; img_size=&#8221;large&#8221;][\/vc_column][\/vc_row]<\/p>\n","protected":false},"author":4,"featured_media":10465,"comment_status":"closed","ping_status":"closed","sticky":false,"template":"","format":"standard","meta":{"footnotes":""},"categories":[31],"tags":[],"class_list":["post-10464","post","type-post","status-publish","format-standard","has-post-thumbnail","hentry","category-noticias"],"aioseo_notices":[],"_links":{"self":[{"href":"https:\/\/csparoes.pt\/index.php\/wp-json\/wp\/v2\/posts\/10464","targetHints":{"allow":["GET"]}}],"collection":[{"href":"https:\/\/csparoes.pt\/index.php\/wp-json\/wp\/v2\/posts"}],"about":[{"href":"https:\/\/csparoes.pt\/index.php\/wp-json\/wp\/v2\/types\/post"}],"author":[{"embeddable":true,"href":"https:\/\/csparoes.pt\/index.php\/wp-json\/wp\/v2\/users\/4"}],"replies":[{"embeddable":true,"href":"https:\/\/csparoes.pt\/index.php\/wp-json\/wp\/v2\/comments?post=10464"}],"version-history":[{"count":1,"href":"https:\/\/csparoes.pt\/index.php\/wp-json\/wp\/v2\/posts\/10464\/revisions"}],"predecessor-version":[{"id":10466,"href":"https:\/\/csparoes.pt\/index.php\/wp-json\/wp\/v2\/posts\/10464\/revisions\/10466"}],"wp:featuredmedia":[{"embeddable":true,"href":"https:\/\/csparoes.pt\/index.php\/wp-json\/wp\/v2\/media\/10465"}],"wp:attachment":[{"href":"https:\/\/csparoes.pt\/index.php\/wp-json\/wp\/v2\/media?parent=10464"}],"wp:term":[{"taxonomy":"category","embeddable":true,"href":"https:\/\/csparoes.pt\/index.php\/wp-json\/wp\/v2\/categories?post=10464"},{"taxonomy":"post_tag","embeddable":true,"href":"https:\/\/csparoes.pt\/index.php\/wp-json\/wp\/v2\/tags?post=10464"}],"curies":[{"name":"wp","href":"https:\/\/api.w.org\/{rel}","templated":true}]}}