{"id":16845,"date":"2023-07-04T18:52:10","date_gmt":"2023-07-04T18:52:10","guid":{"rendered":"http:\/\/csparoes.pt\/?p=16845"},"modified":"2024-11-25T11:17:06","modified_gmt":"2024-11-25T11:17:06","slug":"visita-oficial-da-sra-ministra-do-trabalho-solidariedade-e-seguranca-social-ana-mendes-godinho","status":"publish","type":"post","link":"https:\/\/csparoes.pt\/index.php\/2023\/07\/04\/visita-oficial-da-sra-ministra-do-trabalho-solidariedade-e-seguranca-social-ana-mendes-godinho\/","title":{"rendered":"Visita oficial da Sra. Ministra do Trabalho, Solidariedade e Seguran\u00e7a Social, Ana Mendes Godinho"},"content":{"rendered":"[vc_row][vc_column][vc_wp_text]A dire\u00e7\u00e3o do Centro Social e Paroquial de Ar\u00f5es convida toda a comunidade local a estar presente na visita oficial que a Sra. Ministra do Trabalho, Solidariedade e Seguran\u00e7a Social, Ana Mendes Godinho, ir\u00e1 realizar \u00e0 nossa institui\u00e7\u00e3o na pr\u00f3xima quinta-feira, dia 6 de julho pelas 17h30.<\/p>\n<p>Ap\u00f3s a visita ser\u00e1 servido um \u201cPorto de honra\u201d.<\/p>\n[\/vc_wp_text][vc_single_image image=&#8221;16846&#8243; img_size=&#8221;large&#8221; alignment=&#8221;center&#8221;][\/vc_column][\/vc_row]\n","protected":false},"excerpt":{"rendered":"<p>[vc_row][vc_column][vc_wp_text]A dire\u00e7\u00e3o do Centro Social e Paroquial de Ar\u00f5es convida toda a comunidade local a estar presente na visita oficial que a Sra. Ministra do Trabalho, Solidariedade e Seguran\u00e7a Social, Ana Mendes Godinho, ir\u00e1 realizar \u00e0 nossa institui\u00e7\u00e3o na pr\u00f3xima quinta-feira, dia 6 de julho pelas 17h30. Ap\u00f3s a visita ser\u00e1 servido um \u201cPorto de honra\u201d. [\/vc_wp_text][vc_single_image image=&#8221;16846&#8243; img_size=&#8221;large&#8221; alignment=&#8221;center&#8221;][\/vc_column][\/vc_row]<\/p>\n","protected":false},"author":4,"featured_media":16846,"comment_status":"closed","ping_status":"closed","sticky":false,"template":"","format":"standard","meta":{"footnotes":""},"categories":[31],"tags":[],"class_list":["post-16845","post","type-post","status-publish","format-standard","has-post-thumbnail","hentry","category-noticias"],"aioseo_notices":[],"_links":{"self":[{"href":"https:\/\/csparoes.pt\/index.php\/wp-json\/wp\/v2\/posts\/16845","targetHints":{"allow":["GET"]}}],"collection":[{"href":"https:\/\/csparoes.pt\/index.php\/wp-json\/wp\/v2\/posts"}],"about":[{"href":"https:\/\/csparoes.pt\/index.php\/wp-json\/wp\/v2\/types\/post"}],"author":[{"embeddable":true,"href":"https:\/\/csparoes.pt\/index.php\/wp-json\/wp\/v2\/users\/4"}],"replies":[{"embeddable":true,"href":"https:\/\/csparoes.pt\/index.php\/wp-json\/wp\/v2\/comments?post=16845"}],"version-history":[{"count":1,"href":"https:\/\/csparoes.pt\/index.php\/wp-json\/wp\/v2\/posts\/16845\/revisions"}],"predecessor-version":[{"id":16847,"href":"https:\/\/csparoes.pt\/index.php\/wp-json\/wp\/v2\/posts\/16845\/revisions\/16847"}],"wp:featuredmedia":[{"embeddable":true,"href":"https:\/\/csparoes.pt\/index.php\/wp-json\/wp\/v2\/media\/16846"}],"wp:attachment":[{"href":"https:\/\/csparoes.pt\/index.php\/wp-json\/wp\/v2\/media?parent=16845"}],"wp:term":[{"taxonomy":"category","embeddable":true,"href":"https:\/\/csparoes.pt\/index.php\/wp-json\/wp\/v2\/categories?post=16845"},{"taxonomy":"post_tag","embeddable":true,"href":"https:\/\/csparoes.pt\/index.php\/wp-json\/wp\/v2\/tags?post=16845"}],"curies":[{"name":"wp","href":"https:\/\/api.w.org\/{rel}","templated":true}]}}