{"id":9731,"date":"2019-03-10T16:46:04","date_gmt":"2019-03-10T16:46:04","guid":{"rendered":"http:\/\/csparoes.pt\/?p=9731"},"modified":"2024-11-25T11:17:48","modified_gmt":"2024-11-25T11:17:48","slug":"almoco-de-carnaval-2019","status":"publish","type":"post","link":"https:\/\/csparoes.pt\/index.php\/2019\/03\/10\/almoco-de-carnaval-2019\/","title":{"rendered":"Almo\u00e7o de Carnaval 2019"},"content":{"rendered":"[vc_row][vc_column][vc_column_text]E chegou o Carnaval co CSPA, no dia 1 de Mar\u00e7o comemoramos o Carnaval com um almo\u00e7o que juntou utentes de SAD e Centro de Dia. Contamos tamb\u00e9m com a presen\u00e7a da Dire\u00e7\u00e3o do Cspa, do Presidente da Junta de Freguesia de Ar\u00f5es, Presidente da C\u00e2mara Municipal de Vale de Cambra e o Presidente da Assembleia Municipal. De tarde contamos com a D. Trindade que animou os nossos utentes com a sua concertina.<\/p>\n<p>No dia 4 de Mar\u00e7o o Centro de Dia tamb\u00e9m participou no Baile de Carnaval organizado pela C\u00e2mara Municipal de Vale de Cambra.[\/vc_column_text][\/vc_column][\/vc_row][vc_row][vc_column]<article class=\"icon-box2\" ><a target=\"_blank\" href=\"https:\/\/www.facebook.com\/247163625752824\/photos\/?tab=album&amp;album_id=572138319922018\"><i class=\"li_camera\" style=\"\"><\/i><\/a><h4> Almo\u00e7o de Carnaval CSPA<\/h4><a target=\"_blank\"  class=\"magicmore\" href=\"https:\/\/www.facebook.com\/247163625752824\/photos\/?tab=album&amp;album_id=572138319922018\">VER FOTOGRAFIAS<\/a><\/article>[\/vc_column][\/vc_row]\n","protected":false},"excerpt":{"rendered":"<p>[vc_row][vc_column][vc_column_text]E chegou o Carnaval co CSPA, no dia 1 de Mar\u00e7o comemoramos o Carnaval com um almo\u00e7o que juntou utentes de SAD e Centro de Dia. Contamos tamb\u00e9m com a presen\u00e7a da Dire\u00e7\u00e3o do Cspa, do Presidente da Junta de Freguesia de Ar\u00f5es, Presidente da C\u00e2mara Municipal de Vale de Cambra e o Presidente da Assembleia Municipal. De tarde contamos com a D. Trindade que animou os nossos utentes com a sua concertina. No dia 4 de Mar\u00e7o o Centro de Dia tamb\u00e9m participou no Baile de Carnaval organizado pela C\u00e2mara Municipal de Vale de Cambra.[\/vc_column_text][\/vc_column][\/vc_row][vc_row][vc_column][\/vc_column][\/vc_row]<\/p>\n","protected":false},"author":4,"featured_media":9732,"comment_status":"closed","ping_status":"closed","sticky":false,"template":"","format":"standard","meta":{"footnotes":""},"categories":[31],"tags":[],"class_list":["post-9731","post","type-post","status-publish","format-standard","has-post-thumbnail","hentry","category-noticias"],"aioseo_notices":[],"_links":{"self":[{"href":"https:\/\/csparoes.pt\/index.php\/wp-json\/wp\/v2\/posts\/9731","targetHints":{"allow":["GET"]}}],"collection":[{"href":"https:\/\/csparoes.pt\/index.php\/wp-json\/wp\/v2\/posts"}],"about":[{"href":"https:\/\/csparoes.pt\/index.php\/wp-json\/wp\/v2\/types\/post"}],"author":[{"embeddable":true,"href":"https:\/\/csparoes.pt\/index.php\/wp-json\/wp\/v2\/users\/4"}],"replies":[{"embeddable":true,"href":"https:\/\/csparoes.pt\/index.php\/wp-json\/wp\/v2\/comments?post=9731"}],"version-history":[{"count":1,"href":"https:\/\/csparoes.pt\/index.php\/wp-json\/wp\/v2\/posts\/9731\/revisions"}],"predecessor-version":[{"id":9733,"href":"https:\/\/csparoes.pt\/index.php\/wp-json\/wp\/v2\/posts\/9731\/revisions\/9733"}],"wp:featuredmedia":[{"embeddable":true,"href":"https:\/\/csparoes.pt\/index.php\/wp-json\/wp\/v2\/media\/9732"}],"wp:attachment":[{"href":"https:\/\/csparoes.pt\/index.php\/wp-json\/wp\/v2\/media?parent=9731"}],"wp:term":[{"taxonomy":"category","embeddable":true,"href":"https:\/\/csparoes.pt\/index.php\/wp-json\/wp\/v2\/categories?post=9731"},{"taxonomy":"post_tag","embeddable":true,"href":"https:\/\/csparoes.pt\/index.php\/wp-json\/wp\/v2\/tags?post=9731"}],"curies":[{"name":"wp","href":"https:\/\/api.w.org\/{rel}","templated":true}]}}