{"id":9744,"date":"2019-04-20T10:11:58","date_gmt":"2019-04-20T10:11:58","guid":{"rendered":"http:\/\/csparoes.pt\/?p=9744"},"modified":"2024-11-25T11:17:47","modified_gmt":"2024-11-25T11:17:47","slug":"visita-a-massilly-em-vale-de-cambra","status":"publish","type":"post","link":"https:\/\/csparoes.pt\/index.php\/2019\/04\/20\/visita-a-massilly-em-vale-de-cambra\/","title":{"rendered":"Visita \u00e0 Massilly em Vale de Cambra"},"content":{"rendered":"[vc_row][vc_column][vc_column_text]No dia 27 Mar\u00e7o os idosos de Centro de Dia e SAD tiveram a oportunidade de conhecer a realidade de uma F\u00e1brica Metal\u00fargica do Concelho de Vale de Cambra &#8211; Massilly. Agradecemos a todos os que nos receberam e mostraram as instala\u00e7\u00f5es assim como todo o seu processo laboral.[\/vc_column_text][\/vc_column][\/vc_row][vc_row][vc_column]<article class=\"icon-box2\" ><a target=\"_blank\" href=\"https:\/\/www.facebook.com\/pg\/csp.aroes\/photos\/?tab=album&amp;album_id=589527624849754\"><i class=\"li_camera\" style=\"\"><\/i><\/a><h4>Visita \u00e0 Massilly em Vale de Cambra<\/h4><a target=\"_blank\"  class=\"magicmore\" href=\"https:\/\/www.facebook.com\/pg\/csp.aroes\/photos\/?tab=album&amp;album_id=589527624849754\">VER FOTOGRAFIAS<\/a><\/article>[\/vc_column][\/vc_row]\n","protected":false},"excerpt":{"rendered":"<p>[vc_row][vc_column][vc_column_text]No dia 27 Mar\u00e7o os idosos de Centro de Dia e SAD tiveram a oportunidade de conhecer a realidade de uma F\u00e1brica Metal\u00fargica do Concelho de Vale de Cambra &#8211; Massilly. Agradecemos a todos os que nos receberam e mostraram as instala\u00e7\u00f5es assim como todo o seu processo laboral.[\/vc_column_text][\/vc_column][\/vc_row][vc_row][vc_column][\/vc_column][\/vc_row]<\/p>\n","protected":false},"author":4,"featured_media":9746,"comment_status":"closed","ping_status":"closed","sticky":false,"template":"","format":"standard","meta":{"footnotes":""},"categories":[31],"tags":[],"class_list":["post-9744","post","type-post","status-publish","format-standard","has-post-thumbnail","hentry","category-noticias"],"aioseo_notices":[],"_links":{"self":[{"href":"https:\/\/csparoes.pt\/index.php\/wp-json\/wp\/v2\/posts\/9744","targetHints":{"allow":["GET"]}}],"collection":[{"href":"https:\/\/csparoes.pt\/index.php\/wp-json\/wp\/v2\/posts"}],"about":[{"href":"https:\/\/csparoes.pt\/index.php\/wp-json\/wp\/v2\/types\/post"}],"author":[{"embeddable":true,"href":"https:\/\/csparoes.pt\/index.php\/wp-json\/wp\/v2\/users\/4"}],"replies":[{"embeddable":true,"href":"https:\/\/csparoes.pt\/index.php\/wp-json\/wp\/v2\/comments?post=9744"}],"version-history":[{"count":1,"href":"https:\/\/csparoes.pt\/index.php\/wp-json\/wp\/v2\/posts\/9744\/revisions"}],"predecessor-version":[{"id":9747,"href":"https:\/\/csparoes.pt\/index.php\/wp-json\/wp\/v2\/posts\/9744\/revisions\/9747"}],"wp:featuredmedia":[{"embeddable":true,"href":"https:\/\/csparoes.pt\/index.php\/wp-json\/wp\/v2\/media\/9746"}],"wp:attachment":[{"href":"https:\/\/csparoes.pt\/index.php\/wp-json\/wp\/v2\/media?parent=9744"}],"wp:term":[{"taxonomy":"category","embeddable":true,"href":"https:\/\/csparoes.pt\/index.php\/wp-json\/wp\/v2\/categories?post=9744"},{"taxonomy":"post_tag","embeddable":true,"href":"https:\/\/csparoes.pt\/index.php\/wp-json\/wp\/v2\/tags?post=9744"}],"curies":[{"name":"wp","href":"https:\/\/api.w.org\/{rel}","templated":true}]}}